{"id":6040,"__str__":"Projeto de Lei Ordin\u00e1ria n\u00ba 18 de 2022","link_detail_backend":"/materia/6040","metadata":{},"numero":18,"ano":2022,"numero_protocolo":null,"data_apresentacao":"2022-03-03","tipo_apresentacao":"E","data_publicacao":null,"numero_origem_externa":"","ano_origem_externa":null,"data_origem_externa":null,"apelido":"","dias_prazo":null,"data_fim_prazo":null,"em_tramitacao":false,"polemica":false,"objeto":"","complementar":false,"ementa":"Oficializa a denomina\u00e7\u00e3o de Pra\u00e7a 23 de Junho a pra\u00e7a central do Munic\u00edpio de Eus\u00e9bio, conforme mapa de localiza\u00e7\u00e3o em anexo.","indexacao":"","observacao":"","resultado":"","texto_original":"http://sapl.eusebio.ce.leg.br/media/sapl/public/materialegislativa/2022/6040/pl_018-2022.pdf","data_ultima_atualizacao":"2022-03-14T11:27:11.751799-03:00","ip":"187.79.162.20","ultima_edicao":"2022-03-07T12:20:28.866487-03:00","tipo":1,"regime_tramitacao":1,"tipo_origem_externa":null,"local_origem_externa":null,"user":31,"anexadas":[],"autores":[2]}