{"id":737,"__str__":"Projeto de Lei Ordin\u00e1ria n\u00ba 8 de 2013","link_detail_backend":"/materia/737","metadata":{},"numero":8,"ano":2013,"numero_protocolo":null,"data_apresentacao":"2013-02-15","tipo_apresentacao":"E","data_publicacao":null,"numero_origem_externa":"","ano_origem_externa":null,"data_origem_externa":null,"apelido":"","dias_prazo":null,"data_fim_prazo":null,"em_tramitacao":false,"polemica":false,"objeto":"","complementar":false,"ementa":"DISP\u00d5E SOBRE AUTORIZA\u00c7\u00c3O, AO PODER EXECUTIVO MUNICIPAL, PARA CELEBRA\u00c7\u00c3O DE CONV\u00caNIO COM O COLEGIADO DOS GESTORES MUNICIPAIS DE ASSIST\u00caNCIA SOCIAL, SEC\u00c7\u00c3O CEAR\u00c1 (COEGEMAS/CE) E D\u00c1 OUTRAS PROVID\u00caNCIAS. ","indexacao":"","observacao":"","resultado":"","texto_original":"http://sapl.eusebio.ce.leg.br/media/sapl/public/materialegislativa/2013/737/737_texto_integral.pdf","data_ultima_atualizacao":"2018-02-17T18:39:06.894024-02:00","ip":"","ultima_edicao":null,"tipo":1,"regime_tramitacao":2,"tipo_origem_externa":null,"local_origem_externa":null,"user":null,"anexadas":[],"autores":[24]}