{"id":18834,"__str__":"Veto n\u00ba 1 de 2021 | Inclu\u00eddo na Ordem do Dia | 26/03/2021","link_detail_backend":"/materia/tramitacao/18834","metadata":{},"timestamp":"2021-03-28T18:09:57.983855-03:00","data_tramitacao":"2021-03-26","data_encaminhamento":"2021-03-26","urgente":false,"turno":"U","texto":"Para aprecia\u00e7\u00e3o \u00fanica","data_fim_prazo":"2021-03-29","ip":"177.25.150.12","ultima_edicao":"2021-03-28T18:09:57.941231-03:00","status":3,"materia":5151,"unidade_tramitacao_local":9,"unidade_tramitacao_destino":7,"user":31}