{"id":6929,"__str__":"Requerimento n\u00ba 130 de 2016 | Inclu\u00eddo na Ordem do Dia | 26/08/2016","link_detail_backend":"/materia/tramitacao/6929","metadata":{},"timestamp":"2018-09-23T20:05:25.748398-03:00","data_tramitacao":"2016-08-26","data_encaminhamento":"2016-08-26","urgente":false,"turno":"U","texto":"Para vota\u00e7\u00e3o \u00fanica.","data_fim_prazo":"2016-08-29","ip":"","ultima_edicao":null,"status":3,"materia":1861,"unidade_tramitacao_local":9,"unidade_tramitacao_destino":7,"user":null}