{"id":259,"__str__":"Ordem: Ordem do Dia/Expediente: 6 - Indica\u00e7\u00e3o n\u00ba 152 de 2025 em 34\u00aa Ordin\u00e1ria da 1\u00aa Sess\u00e3o Legislativa da 10\u00aa Legislatura - Requerente: Dyexon Abreu - Mat\u00e9ria: Indica\u00e7\u00e3o n\u00ba 152 de 2025","link_detail_backend":"/sessao/retiradapauta/259","metadata":{},"data":"2025-11-24","observacao":"Por se tratar de mat\u00e9ria vencida, vide Indica\u00e7\u00e3o n. 040/2024 da Vereador Neila de Castro S\u00e1","materia":9789,"sessao_plenaria":549,"ordem":4837,"expediente":null,"parlamentar":43,"tipo_de_retirada":1}